{"id":2101,"date":"2021-07-12T08:23:53","date_gmt":"2021-07-12T08:23:53","guid":{"rendered":"https:\/\/forumviseu.net\/?p=2101"},"modified":"2022-03-07T08:25:53","modified_gmt":"2022-03-07T08:25:53","slug":"horario-de-funcionamento-a-partir-de-10-de-julho-de-2021","status":"publish","type":"post","link":"https:\/\/www.forumviseu.net\/en\/horario-de-funcionamento-a-partir-de-10-de-julho-de-2021\/","title":{"rendered":"HOR\u00c1RIO DE FUNCIONAMENTO A PARTIR DE 10 DE JULHO DE 2021"},"content":{"rendered":"<p><img loading=\"lazy\" decoding=\"async\" class=\"aligncenter wp-image-2107 size-large\" src=\"https:\/\/www.forumviseu.net\/wp-content\/uploads\/sites\/15\/2022\/03\/07-2021g-1024x405.jpg\" alt=\"\" width=\"1024\" height=\"405\" srcset=\"https:\/\/www.forumviseu.net\/wp-content\/uploads\/sites\/15\/2022\/03\/07-2021g-1024x405.jpg 1024w, https:\/\/www.forumviseu.net\/wp-content\/uploads\/sites\/15\/2022\/03\/07-2021g-300x119.jpg 300w, https:\/\/www.forumviseu.net\/wp-content\/uploads\/sites\/15\/2022\/03\/07-2021g-768x304.jpg 768w, https:\/\/www.forumviseu.net\/wp-content\/uploads\/sites\/15\/2022\/03\/07-2021g.jpg 1232w\" sizes=\"auto, (max-width: 1024px) 100vw, 1024px\" \/><\/p>\n<p><strong>INFORMA\u00c7\u00c3O:<\/strong><\/p>\n<p>Devido \u00e0 entrada em vigor das novas medidas,\u00a0 informamos que, a partir de\u00a0<strong>10 de Julho,\u00a0<\/strong>o hor\u00e1rio de funcionamento do Forum Viseu \u00e9 o seguinte:<\/p>\n<p><strong>Lojas<\/strong>:<\/p>\n<p>\u2022 Segunda a sexta-feira: 10h00 \u2013 21h00<\/p>\n<p>\u2022 S\u00e1bado, domingo e feriados: 10h00 &#8211; 15H30<\/p>\n<p>(exce\u00e7\u00e3o para as atividades essenciais como farm\u00e1cias, cl\u00ednicas, \u00f3ticas entre outras, que podem encerrar pelas 19h)<\/p>\n<p><strong>Pingo Doce e Celeiro<\/strong>:<\/p>\n<p>\u2022 Segunda a sexta-feira: 10h00 \u2013 21h00<\/p>\n<p>\u2022 S\u00e1bado, domingo e feriados: 10h00 &#8211; 19H00<\/p>\n<p>(Pingo Doce mantem hor\u00e1rio de abertura \u00e0s 08h)<\/p>\n<p><strong>Cinemas NOS<\/strong>:<\/p>\n<p>\u2022 Segunda a domingo: 13h00 \u2013 22h30<\/p>\n<p><strong>Restaura\u00e7\u00e3o<\/strong>:<\/p>\n<p>\u2022 Diariamente: 11h00 \u2013 22h30<\/p>\n<p>\u2022 Ap\u00f3s as 19h00 de sextas-feiras e durante todo o per\u00edodo funcionamento nos fins de semana e feriados, o servi\u00e7o de refei\u00e7\u00f5es aos clientes imp\u00f5e que estes apresentem o Certificado Digital COVID da UE ou teste negativo \u00e0 COVID-19 (exceto menores de 12 anos).<\/p>\n<p>N\u00e3o aplic\u00e1vel para a \u00e1rea das esplanadas exteriores e servi\u00e7o de take-away.<\/p>\n<p><strong>\u00a0 \u00a0Lembramos que o uso de m\u00e1scara ou viseira \u00e9 obrigat\u00f3rio, por lei, para aceder ao interior do Centro Comercial e das lojas.<\/strong><\/p>\n<p><strong>\u00a0 \u00a0Seja respons\u00e1vel. Proteja-se a si e aos outros.<\/strong><\/p>\n","protected":false},"excerpt":{"rendered":"<p>INFORMA\u00c7\u00c3O: Devido \u00e0 entrada em vigor das novas medidas,\u00a0 informamos que, a partir de\u00a010 de Julho,\u00a0o hor\u00e1rio de funcionamento do Forum Viseu \u00e9 o seguinte: Lojas: \u2022 Segunda a sexta-feira: 10h00 \u2013 21h00 \u2022 S\u00e1bado, domingo e feriados: 10h00 &#8211; 15H30 (exce\u00e7\u00e3o para as atividades essenciais como farm\u00e1cias, cl\u00ednicas, \u00f3ticas entre outras, que podem encerrar [&hellip;]<\/p>\n","protected":false},"author":2,"featured_media":2102,"comment_status":"open","ping_status":"open","sticky":false,"template":"","format":"standard","meta":{"inline_featured_image":false,"footnotes":""},"categories":[46],"tags":[],"class_list":["post-2101","post","type-post","status-publish","format-standard","has-post-thumbnail","hentry","category-covid19-2"],"yoast_head":"<!-- This site is optimized with the Yoast SEO plugin v22.2 - https:\/\/yoast.com\/wordpress\/plugins\/seo\/ -->\n<title>HOR\u00c1RIO DE FUNCIONAMENTO A PARTIR DE 10 DE JULHO DE 2021 - Forum Viseu<\/title>\n<meta name=\"robots\" content=\"index, follow, max-snippet:-1, max-image-preview:large, max-video-preview:-1\" \/>\n<link rel=\"canonical\" href=\"https:\/\/www.forumviseu.net\/en\/horario-de-funcionamento-a-partir-de-10-de-julho-de-2021\/\" \/>\n<meta property=\"og:locale\" content=\"en_US\" \/>\n<meta property=\"og:type\" content=\"article\" \/>\n<meta property=\"og:title\" content=\"HOR\u00c1RIO DE FUNCIONAMENTO A PARTIR DE 10 DE JULHO DE 2021 - Forum Viseu\" \/>\n<meta property=\"og:description\" content=\"INFORMA\u00c7\u00c3O: Devido \u00e0 entrada em vigor das novas medidas,\u00a0 informamos que, a partir de\u00a010 de Julho,\u00a0o hor\u00e1rio de funcionamento do Forum Viseu \u00e9 o seguinte: Lojas: \u2022 Segunda a sexta-feira: 10h00 \u2013 21h00 \u2022 S\u00e1bado, domingo e feriados: 10h00 &#8211; 15H30 (exce\u00e7\u00e3o para as atividades essenciais como farm\u00e1cias, cl\u00ednicas, \u00f3ticas entre outras, que podem encerrar [&hellip;]\" \/>\n<meta property=\"og:url\" content=\"https:\/\/www.forumviseu.net\/en\/horario-de-funcionamento-a-partir-de-10-de-julho-de-2021\/\" \/>\n<meta property=\"og:site_name\" content=\"Forum Viseu\" \/>\n<meta property=\"article:published_time\" content=\"2021-07-12T08:23:53+00:00\" \/>\n<meta property=\"article:modified_time\" content=\"2022-03-07T08:25:53+00:00\" \/>\n<meta property=\"og:image\" content=\"https:\/\/www.forumviseu.net\/wp-content\/uploads\/sites\/15\/2022\/03\/07-2021.jpg\" \/>\n\t<meta property=\"og:image:width\" content=\"1232\" \/>\n\t<meta property=\"og:image:height\" content=\"487\" \/>\n\t<meta property=\"og:image:type\" content=\"image\/jpeg\" \/>\n<meta name=\"author\" content=\"client\" \/>\n<meta name=\"twitter:card\" content=\"summary_large_image\" \/>\n<meta name=\"twitter:label1\" content=\"Written by\" \/>\n\t<meta name=\"twitter:data1\" content=\"client\" \/>\n\t<meta name=\"twitter:label2\" content=\"Est. reading time\" \/>\n\t<meta name=\"twitter:data2\" content=\"1 minute\" \/>\n<script type=\"application\/ld+json\" class=\"yoast-schema-graph\">{\"@context\":\"https:\/\/schema.org\",\"@graph\":[{\"@type\":\"Article\",\"@id\":\"https:\/\/www.forumviseu.net\/en\/horario-de-funcionamento-a-partir-de-10-de-julho-de-2021\/#article\",\"isPartOf\":{\"@id\":\"https:\/\/www.forumviseu.net\/en\/horario-de-funcionamento-a-partir-de-10-de-julho-de-2021\/\"},\"author\":{\"name\":\"client\",\"@id\":\"https:\/\/www.forumviseu.net\/#\/schema\/person\/13d9042f2e420f88c9104d8052e1ee26\"},\"headline\":\"HOR\u00c1RIO DE FUNCIONAMENTO A PARTIR DE 10 DE JULHO DE 2021\",\"datePublished\":\"2021-07-12T08:23:53+00:00\",\"dateModified\":\"2022-03-07T08:25:53+00:00\",\"mainEntityOfPage\":{\"@id\":\"https:\/\/www.forumviseu.net\/en\/horario-de-funcionamento-a-partir-de-10-de-julho-de-2021\/\"},\"wordCount\":200,\"commentCount\":0,\"publisher\":{\"@id\":\"https:\/\/www.forumviseu.net\/#organization\"},\"image\":{\"@id\":\"https:\/\/www.forumviseu.net\/en\/horario-de-funcionamento-a-partir-de-10-de-julho-de-2021\/#primaryimage\"},\"thumbnailUrl\":\"https:\/\/www.forumviseu.net\/wp-content\/uploads\/sites\/15\/2022\/03\/07-2021.jpg\",\"articleSection\":[\"COVID19\"],\"inLanguage\":\"en-US\",\"potentialAction\":[{\"@type\":\"CommentAction\",\"name\":\"Comment\",\"target\":[\"https:\/\/www.forumviseu.net\/en\/horario-de-funcionamento-a-partir-de-10-de-julho-de-2021\/#respond\"]}]},{\"@type\":\"WebPage\",\"@id\":\"https:\/\/www.forumviseu.net\/en\/horario-de-funcionamento-a-partir-de-10-de-julho-de-2021\/\",\"url\":\"https:\/\/www.forumviseu.net\/en\/horario-de-funcionamento-a-partir-de-10-de-julho-de-2021\/\",\"name\":\"HOR\u00c1RIO DE FUNCIONAMENTO A PARTIR DE 10 DE JULHO DE 2021 - Forum Viseu\",\"isPartOf\":{\"@id\":\"https:\/\/www.forumviseu.net\/#website\"},\"primaryImageOfPage\":{\"@id\":\"https:\/\/www.forumviseu.net\/en\/horario-de-funcionamento-a-partir-de-10-de-julho-de-2021\/#primaryimage\"},\"image\":{\"@id\":\"https:\/\/www.forumviseu.net\/en\/horario-de-funcionamento-a-partir-de-10-de-julho-de-2021\/#primaryimage\"},\"thumbnailUrl\":\"https:\/\/www.forumviseu.net\/wp-content\/uploads\/sites\/15\/2022\/03\/07-2021.jpg\",\"datePublished\":\"2021-07-12T08:23:53+00:00\",\"dateModified\":\"2022-03-07T08:25:53+00:00\",\"inLanguage\":\"en-US\",\"potentialAction\":[{\"@type\":\"ReadAction\",\"target\":[\"https:\/\/www.forumviseu.net\/en\/horario-de-funcionamento-a-partir-de-10-de-julho-de-2021\/\"]}]},{\"@type\":\"ImageObject\",\"inLanguage\":\"en-US\",\"@id\":\"https:\/\/www.forumviseu.net\/en\/horario-de-funcionamento-a-partir-de-10-de-julho-de-2021\/#primaryimage\",\"url\":\"https:\/\/www.forumviseu.net\/wp-content\/uploads\/sites\/15\/2022\/03\/07-2021.jpg\",\"contentUrl\":\"https:\/\/www.forumviseu.net\/wp-content\/uploads\/sites\/15\/2022\/03\/07-2021.jpg\",\"width\":1232,\"height\":487},{\"@type\":\"WebSite\",\"@id\":\"https:\/\/www.forumviseu.net\/#website\",\"url\":\"https:\/\/www.forumviseu.net\/\",\"name\":\"Forum Viseu\",\"description\":\"Ser Quem Sou\",\"publisher\":{\"@id\":\"https:\/\/www.forumviseu.net\/#organization\"},\"potentialAction\":[{\"@type\":\"SearchAction\",\"target\":{\"@type\":\"EntryPoint\",\"urlTemplate\":\"https:\/\/www.forumviseu.net\/?s={search_term_string}\"},\"query-input\":\"required name=search_term_string\"}],\"inLanguage\":\"en-US\"},{\"@type\":\"Organization\",\"@id\":\"https:\/\/www.forumviseu.net\/#organization\",\"name\":\"Forum Viseu\",\"url\":\"https:\/\/www.forumviseu.net\/\",\"logo\":{\"@type\":\"ImageObject\",\"inLanguage\":\"en-US\",\"@id\":\"https:\/\/www.forumviseu.net\/#\/schema\/logo\/image\/\",\"url\":\"https:\/\/www.forumviseu.net\/wp-content\/uploads\/sites\/15\/logo.png\",\"contentUrl\":\"https:\/\/www.forumviseu.net\/wp-content\/uploads\/sites\/15\/logo.png\",\"caption\":\"Forum Viseu\"},\"image\":{\"@id\":\"https:\/\/www.forumviseu.net\/#\/schema\/logo\/image\/\"}},{\"@type\":\"Person\",\"@id\":\"https:\/\/www.forumviseu.net\/#\/schema\/person\/13d9042f2e420f88c9104d8052e1ee26\",\"name\":\"client\",\"image\":{\"@type\":\"ImageObject\",\"inLanguage\":\"en-US\",\"@id\":\"https:\/\/www.forumviseu.net\/#\/schema\/person\/image\/\",\"url\":\"https:\/\/secure.gravatar.com\/avatar\/f660ab912ec121d1b1e928a0bb4bc61b15f5ad44d5efdc4e1c92a25e99b8e44a?s=96&d=mm&r=g\",\"contentUrl\":\"https:\/\/secure.gravatar.com\/avatar\/f660ab912ec121d1b1e928a0bb4bc61b15f5ad44d5efdc4e1c92a25e99b8e44a?s=96&d=mm&r=g\",\"caption\":\"client\"},\"sameAs\":[\"codede1219_ka3ec9gh\"],\"url\":\"https:\/\/www.forumviseu.net\/en\/author\/client\/\"}]}<\/script>\n<!-- \/ Yoast SEO plugin. -->","yoast_head_json":{"title":"HOR\u00c1RIO DE FUNCIONAMENTO A PARTIR DE 10 DE JULHO DE 2021 - Forum Viseu","robots":{"index":"index","follow":"follow","max-snippet":"max-snippet:-1","max-image-preview":"max-image-preview:large","max-video-preview":"max-video-preview:-1"},"canonical":"https:\/\/www.forumviseu.net\/en\/horario-de-funcionamento-a-partir-de-10-de-julho-de-2021\/","og_locale":"en_US","og_type":"article","og_title":"HOR\u00c1RIO DE FUNCIONAMENTO A PARTIR DE 10 DE JULHO DE 2021 - Forum Viseu","og_description":"INFORMA\u00c7\u00c3O: Devido \u00e0 entrada em vigor das novas medidas,\u00a0 informamos que, a partir de\u00a010 de Julho,\u00a0o hor\u00e1rio de funcionamento do Forum Viseu \u00e9 o seguinte: Lojas: \u2022 Segunda a sexta-feira: 10h00 \u2013 21h00 \u2022 S\u00e1bado, domingo e feriados: 10h00 &#8211; 15H30 (exce\u00e7\u00e3o para as atividades essenciais como farm\u00e1cias, cl\u00ednicas, \u00f3ticas entre outras, que podem encerrar [&hellip;]","og_url":"https:\/\/www.forumviseu.net\/en\/horario-de-funcionamento-a-partir-de-10-de-julho-de-2021\/","og_site_name":"Forum Viseu","article_published_time":"2021-07-12T08:23:53+00:00","article_modified_time":"2022-03-07T08:25:53+00:00","og_image":[{"width":1232,"height":487,"url":"https:\/\/www.forumviseu.net\/wp-content\/uploads\/sites\/15\/2022\/03\/07-2021.jpg","type":"image\/jpeg"}],"author":"client","twitter_card":"summary_large_image","twitter_misc":{"Written by":"client","Est. reading time":"1 minute"},"schema":{"@context":"https:\/\/schema.org","@graph":[{"@type":"Article","@id":"https:\/\/www.forumviseu.net\/en\/horario-de-funcionamento-a-partir-de-10-de-julho-de-2021\/#article","isPartOf":{"@id":"https:\/\/www.forumviseu.net\/en\/horario-de-funcionamento-a-partir-de-10-de-julho-de-2021\/"},"author":{"name":"client","@id":"https:\/\/www.forumviseu.net\/#\/schema\/person\/13d9042f2e420f88c9104d8052e1ee26"},"headline":"HOR\u00c1RIO DE FUNCIONAMENTO A PARTIR DE 10 DE JULHO DE 2021","datePublished":"2021-07-12T08:23:53+00:00","dateModified":"2022-03-07T08:25:53+00:00","mainEntityOfPage":{"@id":"https:\/\/www.forumviseu.net\/en\/horario-de-funcionamento-a-partir-de-10-de-julho-de-2021\/"},"wordCount":200,"commentCount":0,"publisher":{"@id":"https:\/\/www.forumviseu.net\/#organization"},"image":{"@id":"https:\/\/www.forumviseu.net\/en\/horario-de-funcionamento-a-partir-de-10-de-julho-de-2021\/#primaryimage"},"thumbnailUrl":"https:\/\/www.forumviseu.net\/wp-content\/uploads\/sites\/15\/2022\/03\/07-2021.jpg","articleSection":["COVID19"],"inLanguage":"en-US","potentialAction":[{"@type":"CommentAction","name":"Comment","target":["https:\/\/www.forumviseu.net\/en\/horario-de-funcionamento-a-partir-de-10-de-julho-de-2021\/#respond"]}]},{"@type":"WebPage","@id":"https:\/\/www.forumviseu.net\/en\/horario-de-funcionamento-a-partir-de-10-de-julho-de-2021\/","url":"https:\/\/www.forumviseu.net\/en\/horario-de-funcionamento-a-partir-de-10-de-julho-de-2021\/","name":"HOR\u00c1RIO DE FUNCIONAMENTO A PARTIR DE 10 DE JULHO DE 2021 - Forum Viseu","isPartOf":{"@id":"https:\/\/www.forumviseu.net\/#website"},"primaryImageOfPage":{"@id":"https:\/\/www.forumviseu.net\/en\/horario-de-funcionamento-a-partir-de-10-de-julho-de-2021\/#primaryimage"},"image":{"@id":"https:\/\/www.forumviseu.net\/en\/horario-de-funcionamento-a-partir-de-10-de-julho-de-2021\/#primaryimage"},"thumbnailUrl":"https:\/\/www.forumviseu.net\/wp-content\/uploads\/sites\/15\/2022\/03\/07-2021.jpg","datePublished":"2021-07-12T08:23:53+00:00","dateModified":"2022-03-07T08:25:53+00:00","inLanguage":"en-US","potentialAction":[{"@type":"ReadAction","target":["https:\/\/www.forumviseu.net\/en\/horario-de-funcionamento-a-partir-de-10-de-julho-de-2021\/"]}]},{"@type":"ImageObject","inLanguage":"en-US","@id":"https:\/\/www.forumviseu.net\/en\/horario-de-funcionamento-a-partir-de-10-de-julho-de-2021\/#primaryimage","url":"https:\/\/www.forumviseu.net\/wp-content\/uploads\/sites\/15\/2022\/03\/07-2021.jpg","contentUrl":"https:\/\/www.forumviseu.net\/wp-content\/uploads\/sites\/15\/2022\/03\/07-2021.jpg","width":1232,"height":487},{"@type":"WebSite","@id":"https:\/\/www.forumviseu.net\/#website","url":"https:\/\/www.forumviseu.net\/","name":"Forum Viseu","description":"Ser Quem Sou","publisher":{"@id":"https:\/\/www.forumviseu.net\/#organization"},"potentialAction":[{"@type":"SearchAction","target":{"@type":"EntryPoint","urlTemplate":"https:\/\/www.forumviseu.net\/?s={search_term_string}"},"query-input":"required name=search_term_string"}],"inLanguage":"en-US"},{"@type":"Organization","@id":"https:\/\/www.forumviseu.net\/#organization","name":"Forum Viseu","url":"https:\/\/www.forumviseu.net\/","logo":{"@type":"ImageObject","inLanguage":"en-US","@id":"https:\/\/www.forumviseu.net\/#\/schema\/logo\/image\/","url":"https:\/\/www.forumviseu.net\/wp-content\/uploads\/sites\/15\/logo.png","contentUrl":"https:\/\/www.forumviseu.net\/wp-content\/uploads\/sites\/15\/logo.png","caption":"Forum Viseu"},"image":{"@id":"https:\/\/www.forumviseu.net\/#\/schema\/logo\/image\/"}},{"@type":"Person","@id":"https:\/\/www.forumviseu.net\/#\/schema\/person\/13d9042f2e420f88c9104d8052e1ee26","name":"client","image":{"@type":"ImageObject","inLanguage":"en-US","@id":"https:\/\/www.forumviseu.net\/#\/schema\/person\/image\/","url":"https:\/\/secure.gravatar.com\/avatar\/f660ab912ec121d1b1e928a0bb4bc61b15f5ad44d5efdc4e1c92a25e99b8e44a?s=96&d=mm&r=g","contentUrl":"https:\/\/secure.gravatar.com\/avatar\/f660ab912ec121d1b1e928a0bb4bc61b15f5ad44d5efdc4e1c92a25e99b8e44a?s=96&d=mm&r=g","caption":"client"},"sameAs":["codede1219_ka3ec9gh"],"url":"https:\/\/www.forumviseu.net\/en\/author\/client\/"}]}},"_links":{"self":[{"href":"https:\/\/www.forumviseu.net\/en\/wp-json\/wp\/v2\/posts\/2101","targetHints":{"allow":["GET"]}}],"collection":[{"href":"https:\/\/www.forumviseu.net\/en\/wp-json\/wp\/v2\/posts"}],"about":[{"href":"https:\/\/www.forumviseu.net\/en\/wp-json\/wp\/v2\/types\/post"}],"author":[{"embeddable":true,"href":"https:\/\/www.forumviseu.net\/en\/wp-json\/wp\/v2\/users\/2"}],"replies":[{"embeddable":true,"href":"https:\/\/www.forumviseu.net\/en\/wp-json\/wp\/v2\/comments?post=2101"}],"version-history":[{"count":2,"href":"https:\/\/www.forumviseu.net\/en\/wp-json\/wp\/v2\/posts\/2101\/revisions"}],"predecessor-version":[{"id":2111,"href":"https:\/\/www.forumviseu.net\/en\/wp-json\/wp\/v2\/posts\/2101\/revisions\/2111"}],"wp:featuredmedia":[{"embeddable":true,"href":"https:\/\/www.forumviseu.net\/en\/wp-json\/wp\/v2\/media\/2102"}],"wp:attachment":[{"href":"https:\/\/www.forumviseu.net\/en\/wp-json\/wp\/v2\/media?parent=2101"}],"wp:term":[{"taxonomy":"category","embeddable":true,"href":"https:\/\/www.forumviseu.net\/en\/wp-json\/wp\/v2\/categories?post=2101"},{"taxonomy":"post_tag","embeddable":true,"href":"https:\/\/www.forumviseu.net\/en\/wp-json\/wp\/v2\/tags?post=2101"}],"curies":[{"name":"wp","href":"https:\/\/api.w.org\/{rel}","templated":true}]}}